{"id":33220,"date":"2026-04-29T14:17:15","date_gmt":"2026-04-29T20:17:15","guid":{"rendered":"https:\/\/www.ausjal.org\/?p=33220"},"modified":"2026-04-29T14:19:22","modified_gmt":"2026-04-29T20:19:22","slug":"la-red-edutic-de-ausjal-consolida-su-vision-estrategica-en-santiago-de-chile-innovacion-y-tecnologia-para-la-transformacion-social","status":"publish","type":"post","link":"https:\/\/www.ausjal.org\/pt\/la-red-edutic-de-ausjal-consolida-su-vision-estrategica-en-santiago-de-chile-innovacion-y-tecnologia-para-la-transformacion-social\/","title":{"rendered":"La Red EduTIC de AUSJAL consolida su visi\u00f3n estrat\u00e9gica en Santiago de Chile: Innovaci\u00f3n y Tecnolog\u00eda para la Transformaci\u00f3n Social."},"content":{"rendered":"<div data-elementor-type=\"wp-post\" data-elementor-id=\"33220\" class=\"elementor elementor-33220\">\n\t\t\t\t\t\t<section class=\"elementor-section elementor-top-section elementor-element elementor-element-7c9c6c8 elementor-section-boxed elementor-section-height-default elementor-section-height-default wpr-particle-no wpr-jarallax-no wpr-parallax-no wpr-sticky-section-no\" data-id=\"7c9c6c8\" data-element_type=\"section\">\n\t\t\t\t\t\t<div class=\"elementor-container elementor-column-gap-no\">\n\t\t\t\t\t<div class=\"elementor-column elementor-col-100 elementor-top-column elementor-element elementor-element-75a82b0\" data-id=\"75a82b0\" data-element_type=\"column\">\n\t\t\t<div class=\"elementor-widget-wrap elementor-element-populated\">\n\t\t\t\t\t\t<div class=\"elementor-element elementor-element-9a53172 elementor-widget elementor-widget-text-editor\" data-id=\"9a53172\" data-element_type=\"widget\" data-widget_type=\"text-editor.default\">\n\t\t\t\t<div class=\"elementor-widget-container\">\n\t\t\t\t\t\t\t\t\t<div class=\"x_gmail_default\"><p><span data-contrast=\"auto\">Entre los d\u00edas 21, 22 y 23 de abril de 2026, la Universidad Alberto Hurtado en Santiago de Chile fue la sede del Encuentro Presencial de Hom\u00f3logos de la <strong>Red\u00a0EduTIC\u00a0de AUSJAL<\/strong>. Este espacio tuvo como prop\u00f3sito fundamental promover la formaci\u00f3n integral e innovadora en las universidades jesuitas de Am\u00e9rica Latina a trav\u00e9s del di\u00e1logo, la construcci\u00f3n de una visi\u00f3n compartida y el uso estrat\u00e9gico de las tecnolog\u00edas emergentes frente a los desaf\u00edos actuales de la Educaci\u00f3n Superior.<\/span><span data-ccp-props=\"{}\">\u00a0<\/span><\/p><p><span data-contrast=\"auto\">La jornada cont\u00f3 con dos conferencias magistrales que marcaron el rumbo del an\u00e1lisis: &#8220;El manejo de la IA en la educaci\u00f3n virtual: Retos para las universidades de la regi\u00f3n&#8221;, a cargo de Gonzalo Bengochea, y &#8220;Aseguramiento de la calidad de la educaci\u00f3n virtual: Retos para las universidades de la regi\u00f3n&#8221;, impartida por Mar\u00eda Rosa\u00a0Maurizi. Ambas ponencias subrayaron que la tecnolog\u00eda debe ser un medio para la reflexi\u00f3n pedag\u00f3gica y el logro de prop\u00f3sitos educativos con sentido humano.<\/span><span data-ccp-props=\"{}\">\u00a0<\/span><\/p><p><span data-contrast=\"auto\">Adem\u00e1s, el secretario ejecutivo, Lucas\u00a0Blangino, acompa\u00f1\u00f3 el encuentro y brind\u00f3 una contextualizaci\u00f3n de\u00a0las l\u00edneas estrat\u00e9gicas\u00a0que desde AUSJAL conectan con los proyectos y l\u00edneas de trabajo de la red.<\/span><span data-ccp-props=\"{}\">\u00a0<\/span><\/p><p><span data-contrast=\"auto\">Para garantizar la participaci\u00f3n de la mayor\u00eda de\u00a0los hom\u00f3logos\u00a0se habilit\u00f3 una sala virtual para las conexiones\u00a0en l\u00ednea.<\/span><span data-ccp-props=\"{}\">\u00a0<\/span><\/p><p><span data-ccp-props=\"{}\">\u00a0<\/span><\/p><p><b><span data-contrast=\"auto\">Dos macroproyectos para una red articulada<\/span><\/b><span data-ccp-props=\"{}\">\u00a0<\/span><\/p><p><span data-contrast=\"auto\">En sinton\u00eda con el\u00a0<\/span><b><span data-contrast=\"auto\">Plan Estrat\u00e9gico de AUSJAL 2026-2031<\/span><\/b><span data-contrast=\"auto\">, la Red defini\u00f3 una hoja de ruta basada en dos pilares que buscan convertir la experiencia institucional en capital intelectual colectivo:<\/span><span data-ccp-props=\"{}\">\u00a0<\/span><\/p><ol><li aria-setsize=\"-1\" data-leveltext=\"%1.\" data-font=\"\" data-listid=\"3\" data-list-defn-props=\"{&quot;335552541&quot;:0,&quot;335559685&quot;:720,&quot;335559991&quot;:360,&quot;469769242&quot;:[65533,0],&quot;469777803&quot;:&quot;left&quot;,&quot;469777804&quot;:&quot;%1.&quot;,&quot;469777815&quot;:&quot;multilevel&quot;}\" data-aria-posinset=\"1\" data-aria-level=\"1\"><b><span data-contrast=\"auto\">Gesti\u00f3n y Divulgaci\u00f3n del Conocimiento:<\/span><\/b><span data-contrast=\"auto\">\u00a0Enfocado en identificar, organizar y visibilizar las buenas pr\u00e1cticas existentes. Entre sus acciones destaca el uso del\u00a0<\/span><b><span data-contrast=\"auto\">Intercampus\u00a0AUSJAL<\/span><\/b><span data-contrast=\"auto\">\u00a0como canal central para la difusi\u00f3n de\u00a0formaciones,\u00a0recursos y webinarios.<\/span><span data-ccp-props=\"{}\">\u00a0<\/span><\/li><\/ol><ol><li aria-setsize=\"-1\" data-leveltext=\"%1.\" data-font=\"\" data-listid=\"3\" data-list-defn-props=\"{&quot;335552541&quot;:0,&quot;335559685&quot;:720,&quot;335559991&quot;:360,&quot;469769242&quot;:[65533,0],&quot;469777803&quot;:&quot;left&quot;,&quot;469777804&quot;:&quot;%1.&quot;,&quot;469777815&quot;:&quot;multilevel&quot;}\" data-aria-posinset=\"2\" data-aria-level=\"1\"><b><span data-contrast=\"auto\">Generaci\u00f3n e Integraci\u00f3n de Conocimiento para el Desarrollo:<\/span><\/b><span data-contrast=\"auto\">\u00a0Orientado a la\u00a0cocreaci\u00f3n\u00a0de nuevos saberes y soluciones ante brechas detectadas, impulsando la investigaci\u00f3n en tecnolog\u00eda educativa y la Inteligencia Artificial (IA) como eje transversal.<\/span><span data-ccp-props=\"{}\">\u00a0<\/span><\/li><\/ol><p><span data-ccp-props=\"{}\">\u00a0<\/span><b><span data-contrast=\"auto\">Acuerdos Clave y Fases de Implementaci\u00f3n<\/span><\/b><span data-ccp-props=\"{}\">\u00a0<\/span><\/p><p><span data-contrast=\"auto\">Para garantizar el \u00e9xito de estos proyectos, se definieron fases previas de diagn\u00f3stico y dise\u00f1o:<\/span><span data-ccp-props=\"{}\">\u00a0<\/span><\/p><ul><li aria-setsize=\"-1\" data-leveltext=\"\uf0b7\" data-font=\"Symbol\" data-listid=\"4\" data-list-defn-props=\"{&quot;335552541&quot;:1,&quot;335559685&quot;:720,&quot;335559991&quot;:360,&quot;469769226&quot;:&quot;Symbol&quot;,&quot;469769242&quot;:[8226],&quot;469777803&quot;:&quot;left&quot;,&quot;469777804&quot;:&quot;\uf0b7&quot;,&quot;469777815&quot;:&quot;multilevel&quot;}\" data-aria-posinset=\"1\" data-aria-level=\"1\"><span data-contrast=\"auto\">Definici\u00f3n del Perfil Docente AUSJAL<\/span><span data-ccp-props=\"{&quot;335559739&quot;:0}\">\u00a0<\/span><\/li><\/ul><ul><li aria-setsize=\"-1\" data-leveltext=\"\uf0b7\" data-font=\"Symbol\" data-listid=\"4\" data-list-defn-props=\"{&quot;335552541&quot;:1,&quot;335559685&quot;:720,&quot;335559991&quot;:360,&quot;469769226&quot;:&quot;Symbol&quot;,&quot;469769242&quot;:[8226],&quot;469777803&quot;:&quot;left&quot;,&quot;469777804&quot;:&quot;\uf0b7&quot;,&quot;469777815&quot;:&quot;multilevel&quot;}\" data-aria-posinset=\"2\" data-aria-level=\"1\"><span data-contrast=\"auto\">Diagn\u00f3stico y Lenguaje Com\u00fan<\/span><span data-ccp-props=\"{&quot;335559739&quot;:0}\">\u00a0<\/span><\/li><\/ul><ul><li aria-setsize=\"-1\" data-leveltext=\"\uf0b7\" data-font=\"Symbol\" data-listid=\"4\" data-list-defn-props=\"{&quot;335552541&quot;:1,&quot;335559685&quot;:720,&quot;335559991&quot;:360,&quot;469769226&quot;:&quot;Symbol&quot;,&quot;469769242&quot;:[8226],&quot;469777803&quot;:&quot;left&quot;,&quot;469777804&quot;:&quot;\uf0b7&quot;,&quot;469777815&quot;:&quot;multilevel&quot;}\" data-aria-posinset=\"3\" data-aria-level=\"1\"><span data-contrast=\"auto\">IA y \u00c9tica<\/span><span data-ccp-props=\"{&quot;335559739&quot;:0}\">\u00a0<\/span><\/li><\/ul><ul><li aria-setsize=\"-1\" data-leveltext=\"\uf0b7\" data-font=\"Symbol\" data-listid=\"4\" data-list-defn-props=\"{&quot;335552541&quot;:1,&quot;335559685&quot;:720,&quot;335559991&quot;:360,&quot;469769226&quot;:&quot;Symbol&quot;,&quot;469769242&quot;:[8226],&quot;469777803&quot;:&quot;left&quot;,&quot;469777804&quot;:&quot;\uf0b7&quot;,&quot;469777815&quot;:&quot;multilevel&quot;}\" data-aria-posinset=\"4\" data-aria-level=\"1\"><span data-contrast=\"auto\">Infraestructura Colaborativa<\/span><span data-ccp-props=\"{&quot;335559739&quot;:0}\">\u00a0<\/span><\/li><\/ul><p><b><span data-contrast=\"auto\">Hacia un modelo de trabajo por proyectos<\/span><\/b><span data-ccp-props=\"{}\">\u00a0<\/span><\/p><p><span data-contrast=\"auto\">El encuentro concluy\u00f3 con la decisi\u00f3n de transitar hacia un modelo de\u00a0<\/span><b><span data-contrast=\"auto\">trabajo por proyectos interdisciplinarios<\/span><\/b><span data-contrast=\"auto\">, superando la estructura tradicional de comisiones para responder con agilidad a las l\u00edneas del Plan Estrat\u00e9gico.\u00a0Con esta nueva visi\u00f3n, la Red\u00a0EduTIC\u00a0reafirma su compromiso de poner la tecnolog\u00eda al servicio de la misi\u00f3n ignaciana y el bienestar de las comunidades universitarias en Am\u00e9rica Latina.<\/span><span data-ccp-props=\"{}\">\u00a0<\/span><\/p><\/div>\t\t\t\t\t\t\t\t<\/div>\n\t\t\t\t<\/div>\n\t\t\t\t\t<\/div>\n\t\t<\/div>\n\t\t\t\t\t<\/div>\n\t\t<\/section>\n\t\t\t\t<\/div>","protected":false},"excerpt":{"rendered":"<p>Entre los d\u00edas 21, 22 y 23 de abril de 2026, la Universidad Alberto Hurtado en Santiago de Chile fue&#8230;<\/p>","protected":false},"author":4,"featured_media":33221,"comment_status":"closed","ping_status":"open","sticky":false,"template":"","format":"standard","meta":{"cybocfi_hide_featured_image":"","footnotes":""},"categories":[1,76],"tags":[],"class_list":["post-33220","post","type-post","status-publish","format-standard","has-post-thumbnail","hentry","category-noticias","category-publicaciones"],"_links":{"self":[{"href":"https:\/\/www.ausjal.org\/pt\/wp-json\/wp\/v2\/posts\/33220","targetHints":{"allow":["GET"]}}],"collection":[{"href":"https:\/\/www.ausjal.org\/pt\/wp-json\/wp\/v2\/posts"}],"about":[{"href":"https:\/\/www.ausjal.org\/pt\/wp-json\/wp\/v2\/types\/post"}],"author":[{"embeddable":true,"href":"https:\/\/www.ausjal.org\/pt\/wp-json\/wp\/v2\/users\/4"}],"replies":[{"embeddable":true,"href":"https:\/\/www.ausjal.org\/pt\/wp-json\/wp\/v2\/comments?post=33220"}],"version-history":[{"count":3,"href":"https:\/\/www.ausjal.org\/pt\/wp-json\/wp\/v2\/posts\/33220\/revisions"}],"predecessor-version":[{"id":33224,"href":"https:\/\/www.ausjal.org\/pt\/wp-json\/wp\/v2\/posts\/33220\/revisions\/33224"}],"wp:featuredmedia":[{"embeddable":true,"href":"https:\/\/www.ausjal.org\/pt\/wp-json\/wp\/v2\/media\/33221"}],"wp:attachment":[{"href":"https:\/\/www.ausjal.org\/pt\/wp-json\/wp\/v2\/media?parent=33220"}],"wp:term":[{"taxonomy":"category","embeddable":true,"href":"https:\/\/www.ausjal.org\/pt\/wp-json\/wp\/v2\/categories?post=33220"},{"taxonomy":"post_tag","embeddable":true,"href":"https:\/\/www.ausjal.org\/pt\/wp-json\/wp\/v2\/tags?post=33220"}],"curies":[{"name":"wp","href":"https:\/\/api.w.org\/{rel}","templated":true}]}}