{"id":33201,"date":"2026-04-27T12:43:35","date_gmt":"2026-04-27T18:43:35","guid":{"rendered":"https:\/\/www.ausjal.org\/?p=33201"},"modified":"2026-04-28T09:01:09","modified_gmt":"2026-04-28T15:01:09","slug":"beca-ausjal-2026-una-oportunidad-unica-de-internacionalizacion-para-estudiantes-jesuitas-de-america-latina","status":"publish","type":"post","link":"https:\/\/www.ausjal.org\/pt\/beca-ausjal-2026-una-oportunidad-unica-de-internacionalizacion-para-estudiantes-jesuitas-de-america-latina\/","title":{"rendered":"Beca AUSJAL 2026: Una oportunidad \u00fanica de internacionalizaci\u00f3n para estudiantes jesuitas de Am\u00e9rica Latina"},"content":{"rendered":"<div data-elementor-type=\"wp-post\" data-elementor-id=\"33201\" class=\"elementor elementor-33201\">\n\t\t\t\t\t\t<section class=\"elementor-section elementor-top-section elementor-element elementor-element-7c9c6c8 elementor-section-boxed elementor-section-height-default elementor-section-height-default wpr-particle-no wpr-jarallax-no wpr-parallax-no wpr-sticky-section-no\" data-id=\"7c9c6c8\" data-element_type=\"section\">\n\t\t\t\t\t\t<div class=\"elementor-container elementor-column-gap-no\">\n\t\t\t\t\t<div class=\"elementor-column elementor-col-100 elementor-top-column elementor-element elementor-element-75a82b0\" data-id=\"75a82b0\" data-element_type=\"column\">\n\t\t\t<div class=\"elementor-widget-wrap elementor-element-populated\">\n\t\t\t\t\t\t<div class=\"elementor-element elementor-element-9a53172 elementor-widget elementor-widget-text-editor\" data-id=\"9a53172\" data-element_type=\"widget\" data-widget_type=\"text-editor.default\">\n\t\t\t\t<div class=\"elementor-widget-container\">\n\t\t\t\t\t\t\t\t\t<div class=\"x_gmail_default\"><p class=\"font-claude-response-body break-words whitespace-normal leading-[1.7]\">La Red CARI lanza con orgullo su convocatoria para el segundo semestre 2026 de la <strong>Bolsas de estudos da AUSJAL<\/strong>, uno de los programas de movilidad estudiantil m\u00e1s significativos de la regi\u00f3n. Esta edici\u00f3n marca un hito especial: <strong>18 universidades de la red participan en el intercambio<\/strong>, ofreciendo un total de <strong>20 cupos<\/strong> para estudiantes que deseen vivir una experiencia acad\u00e9mica internacional durante un semestre completo.<\/p><p class=\"font-claude-response-body break-words whitespace-normal leading-[1.7]\"><strong>\u00bfQu\u00e9 cubre la beca?<\/strong><\/p><p class=\"font-claude-response-body break-words whitespace-normal leading-[1.7]\">La Beca AUSJAL est\u00e1 dise\u00f1ada para que los aspectos econ\u00f3micos no sean un obst\u00e1culo. El programa cubre alojamiento y alimentaci\u00f3n durante toda la estad\u00eda, y exonera la matr\u00edcula del semestre tanto en la universidad de origen como en la de destino. De esta manera, el estudiante puede enfocarse completamente en su crecimiento acad\u00e9mico y personal.<\/p><p class=\"font-claude-response-body break-words whitespace-normal leading-[1.7]\"><strong>\u00bfA qui\u00e9n est\u00e1 dirigida?<\/strong><\/p><p class=\"font-claude-response-body break-words whitespace-normal leading-[1.7]\">La beca est\u00e1 dirigida a estudiantes con buen promedio acad\u00e9mico y que presenten situaci\u00f3n de vulnerabilidad econ\u00f3mica. Es una apuesta concreta por la equidad y la excelencia, valores centrales de la misi\u00f3n ignaciana.\u00a0<\/p><p class=\"font-claude-response-body break-words whitespace-normal leading-[1.7]\"><strong>\u00bfC\u00f3mo aplicar?<\/strong><\/p><p class=\"font-claude-response-body break-words whitespace-normal leading-[1.7]\">El proceso es sencillo: el estudiante debe consultar en el \u00e1rea de movilidad de su universidad, completar el formulario de postulaci\u00f3n y, de ser preseleccionado, participar en una entrevista con el comit\u00e9 de selecci\u00f3n. Cada universidad comunica su propio proceso y calendario de aplicaci\u00f3n.<\/p><p class=\"font-claude-response-body break-words whitespace-normal leading-[1.7]\"><strong>Una red que transforma vidas<\/strong><\/p><p class=\"font-claude-response-body break-words whitespace-normal leading-[1.7]\">M\u00e1s de 150 estudiantes ya han vivido esta experiencia, y en 2026 la red crece para dar m\u00e1s oportunidades. Con 20 universidades jesuitas participantes a lo largo de Am\u00e9rica Latina, la Beca AUSJAL representa mucho m\u00e1s que un intercambio acad\u00e9mico: es una inmersi\u00f3n en la diversidad cultural, intelectual y espiritual de la Compa\u00f1\u00eda de Jes\u00fas en el continente.<\/p><p class=\"font-claude-response-body break-words whitespace-normal leading-[1.7]\"><strong>\u00a1Compart\u00ed esta oportunidad en tu comunidad!<\/strong><\/p><p class=\"font-claude-response-body break-words whitespace-normal leading-[1.7]\">Invitamos a todas las universidades de AUSJAL a difundir ampliamente esta convocatoria entre sus estudiantes. Que ning\u00fan joven talentoso deje pasar esta oportunidad por falta de informaci\u00f3n. Publica en los canales de tu instituci\u00f3n, compart\u00ed con tus compa\u00f1eros y docentes, y anima a quienes te rodean a postularse.<\/p><p class=\"font-claude-response-body break-words whitespace-normal leading-[1.7]\">Los cupos son limitados \u2014solo 44 lugares en toda la red\u2014 y el tiempo para actuar es ahora.<\/p><p class=\"font-claude-response-body break-words whitespace-normal leading-[1.7]\">\ud83d\udccc M\u00e1s informaci\u00f3n: <a class=\"underline underline underline-offset-2 decoration-1 decoration-current\/40 hover:decoration-current focus:decoration-current\" href=\"https:\/\/www.ausjal.org\/pt\/beca-ausjal\/\">www.ausjal.org\/beca-ausjal<\/a><\/p><\/div>\t\t\t\t\t\t\t\t<\/div>\n\t\t\t\t<\/div>\n\t\t\t\t\t<\/div>\n\t\t<\/div>\n\t\t\t\t\t<\/div>\n\t\t<\/section>\n\t\t\t\t<\/div>","protected":false},"excerpt":{"rendered":"<p>La Red CARI lanza con orgullo su convocatoria para el segundo semestre 2026 de la Beca AUSJAL, uno de los&#8230;<\/p>","protected":false},"author":4,"featured_media":33202,"comment_status":"closed","ping_status":"open","sticky":false,"template":"","format":"standard","meta":{"cybocfi_hide_featured_image":"","footnotes":""},"categories":[1,76],"tags":[],"class_list":["post-33201","post","type-post","status-publish","format-standard","has-post-thumbnail","hentry","category-noticias","category-publicaciones"],"_links":{"self":[{"href":"https:\/\/www.ausjal.org\/pt\/wp-json\/wp\/v2\/posts\/33201","targetHints":{"allow":["GET"]}}],"collection":[{"href":"https:\/\/www.ausjal.org\/pt\/wp-json\/wp\/v2\/posts"}],"about":[{"href":"https:\/\/www.ausjal.org\/pt\/wp-json\/wp\/v2\/types\/post"}],"author":[{"embeddable":true,"href":"https:\/\/www.ausjal.org\/pt\/wp-json\/wp\/v2\/users\/4"}],"replies":[{"embeddable":true,"href":"https:\/\/www.ausjal.org\/pt\/wp-json\/wp\/v2\/comments?post=33201"}],"version-history":[{"count":6,"href":"https:\/\/www.ausjal.org\/pt\/wp-json\/wp\/v2\/posts\/33201\/revisions"}],"predecessor-version":[{"id":33212,"href":"https:\/\/www.ausjal.org\/pt\/wp-json\/wp\/v2\/posts\/33201\/revisions\/33212"}],"wp:featuredmedia":[{"embeddable":true,"href":"https:\/\/www.ausjal.org\/pt\/wp-json\/wp\/v2\/media\/33202"}],"wp:attachment":[{"href":"https:\/\/www.ausjal.org\/pt\/wp-json\/wp\/v2\/media?parent=33201"}],"wp:term":[{"taxonomy":"category","embeddable":true,"href":"https:\/\/www.ausjal.org\/pt\/wp-json\/wp\/v2\/categories?post=33201"},{"taxonomy":"post_tag","embeddable":true,"href":"https:\/\/www.ausjal.org\/pt\/wp-json\/wp\/v2\/tags?post=33201"}],"curies":[{"name":"wp","href":"https:\/\/api.w.org\/{rel}","templated":true}]}}