{"id":33093,"date":"2026-04-24T15:01:59","date_gmt":"2026-04-24T21:01:59","guid":{"rendered":"https:\/\/www.ausjal.org\/?p=33093"},"modified":"2026-04-24T15:08:23","modified_gmt":"2026-04-24T21:08:23","slug":"la-lucha-contra-la-corrupcion-socioambiental-en-america-latina-una-nueva-hoja-de-ruta-2025-2027","status":"publish","type":"post","link":"https:\/\/www.ausjal.org\/pt\/la-lucha-contra-la-corrupcion-socioambiental-en-america-latina-una-nueva-hoja-de-ruta-2025-2027\/","title":{"rendered":"La Lucha contra la Corrupci\u00f3n Socioambiental en Am\u00e9rica Latina: Una Nueva Hoja de Ruta (2025-2027)"},"content":{"rendered":"<div data-elementor-type=\"wp-post\" data-elementor-id=\"33093\" class=\"elementor elementor-33093\">\n\t\t\t\t\t\t<section class=\"elementor-section elementor-top-section elementor-element elementor-element-7c9c6c8 elementor-section-boxed elementor-section-height-default elementor-section-height-default wpr-particle-no wpr-jarallax-no wpr-parallax-no wpr-sticky-section-no\" data-id=\"7c9c6c8\" data-element_type=\"section\">\n\t\t\t\t\t\t<div class=\"elementor-container elementor-column-gap-no\">\n\t\t\t\t\t<div class=\"elementor-column elementor-col-100 elementor-top-column elementor-element elementor-element-75a82b0\" data-id=\"75a82b0\" data-element_type=\"column\">\n\t\t\t<div class=\"elementor-widget-wrap elementor-element-populated\">\n\t\t\t\t\t\t<div class=\"elementor-element elementor-element-9a53172 elementor-widget elementor-widget-text-editor\" data-id=\"9a53172\" data-element_type=\"widget\" data-widget_type=\"text-editor.default\">\n\t\t\t\t<div class=\"elementor-widget-container\">\n\t\t\t\t\t\t\t\t\t<ul><li><span data-path-to-node=\"3,1\">El pasado 22 de abril tuvo lugar el Webinario &#8220;Medio Ambiente y Corrupci\u00f3n en Am\u00e9rica Latina&#8221;. en un esfuerzo conjunto por abordar una de las crisis m\u00e1s profundas de la regi\u00f3n, en tal oportunidad un equipo interdisciplinario de expertos present\u00f3 el proyecto de investigaci\u00f3n <b data-path-to-node=\"3,1\" data-index-in-node=\"161\">&#8220;Impactos Socioambientales de la Corrupci\u00f3n en Am\u00e9rica Latina (2025-2027)&#8221;<\/b><\/span><span data-path-to-node=\"3,3\">. <\/span><span data-path-to-node=\"3,5\">Bajo el acompa\u00f1amiento de la Asociaci\u00f3n de Universidades Confiadas a la Compa\u00f1\u00eda de Jes\u00fas en Am\u00e9rica Latina (<b data-path-to-node=\"3,5\" data-index-in-node=\"103\">de Estudos da AUSJAL<\/b>) y en alianza con la Red de Centros Sociales (<b data-path-to-node=\"3,5\" data-index-in-node=\"156\">CPAL<\/b>), esta iniciativa busca desentra\u00f1ar c\u00f3mo las pr\u00e1cticas corruptas agravan el da\u00f1o clim\u00e1tico y social en nuestro continente<\/span><span data-path-to-node=\"3,7\">.<\/span><\/li><\/ul><h5 data-path-to-node=\"4\">Liderazgo Interdisciplinario y Regional<\/h5><p data-path-to-node=\"5\">El proyecto est\u00e1 encabezado por un grupo diverso de acad\u00e9micos de instituciones jesuitas de prestigio:<\/p><ul data-path-to-node=\"6\"><li><p data-path-to-node=\"6,0,1\"><span data-path-to-node=\"6,0,1,0\"><b data-path-to-node=\"6,0,1,0\" data-index-in-node=\"0\">Coordinador General:<\/b> Dr. Ra\u00fal Guti\u00e9rrez (Ibero Ciudad de M\u00e9xico)<\/span><span data-path-to-node=\"6,0,1,2\">.<\/span><\/p><\/li><li><p data-path-to-node=\"6,1,0\"><span data-path-to-node=\"6,1,0,0\"><b data-path-to-node=\"6,1,0,0\" data-index-in-node=\"0\">Vicecoordinadores:<\/b> Dr. Luiz Lacerda (Universidad Cat\u00f3lica de Pernambuco, Brasil), Dra. Valentina Campos Cabral (Ibero Puebla, M\u00e9xico) y Dra. <\/span><span data-path-to-node=\"6,1,0,2\">Silvia Fontana (Universidad Cat\u00f3lica de C\u00f3rdoba, Argentina)<\/span><span data-path-to-node=\"6,1,0,4\">.<\/span><\/p><\/li><\/ul><p data-path-to-node=\"6,1,0\"><span data-path-to-node=\"6,2,0,1\">El equipo se completa con investigadores de M\u00e9xico, Argentina, Brasil, Guatemala, Honduras y Per\u00fa, lo que garantiza una perspectiva continental integral:<\/span>\u00a0<\/p><ul><li>Dra. Lelia Imhof: Universidad Cat\u00f3lica de C\u00f3rdoba (Argentina)<\/li><li>Dra. Sof\u00eda Conrero: Universidad Cat\u00f3lica de C\u00f3rdoba (Argentina)<\/li><li>Dra. Claudia Buclo (M\u00e9xico)<\/li><li>Dr. Jos\u00e9 Alberto Gallardo Cruz (M\u00e9xico)<\/li><li>Dr. Jos\u00e9 Alberto Lara Pulido (M\u00e9xico)<\/li><li>Dra. Loraine Morales (M\u00e9xico)<\/li><li>Dr. Silvio Marques (Brasil)<\/li><li>Dra. Erika Saccucci (Argentina)<\/li><li>Dr. Juan Jos\u00e9 Narciso Ch\u00faa (Guatemala)<\/li><li>Sr. Elvin Rivera (Honduras)<\/li><li>Sr. R\u00f3mulo Torres (Per\u00fa)<\/li><\/ul><h5 data-path-to-node=\"7\">Los Pilares de la Investigaci\u00f3n<\/h5><p data-path-to-node=\"8\"><span data-path-to-node=\"8,1\">El objetivo central es analizar c\u00f3mo la corrupci\u00f3n afecta contextos socioambientales espec\u00edficos para construir propuestas pr\u00e1cticas que ayuden a la sociedad civil a mitigar estos fen\u00f3menos<\/span><span data-path-to-node=\"8,3\">. La investigaci\u00f3n se articula en cuatro l\u00edneas te\u00f3ricas fundamentales:<\/span>\u00a0<\/p><ul data-path-to-node=\"9\"><li><p data-path-to-node=\"9,0,1\"><span data-path-to-node=\"9,0,1,0\"><b data-path-to-node=\"9,0,1,0\" data-index-in-node=\"0\">Ecolog\u00eda Integral y Justicia:<\/b> Busca enfrentar la corrupci\u00f3n mediante el fortalecimiento de marcos jur\u00eddicos internacionales y la promoci\u00f3n de una \u00e9tica del cuidado<\/span><span data-path-to-node=\"9,0,1,2\">.<\/span>\u00a0<\/p><\/li><li><p data-path-to-node=\"9,1,1\"><span data-path-to-node=\"9,1,1,0\"><b data-path-to-node=\"9,1,1,0\" data-index-in-node=\"0\">Movilidad Humana:<\/b> Analiza el v\u00ednculo entre la vulnerabilidad institucional, los desastres socioambientales y los desplazamientos forzados<\/span><span data-path-to-node=\"9,1,1,2\">.<\/span>\u00a0<\/p><\/li><li><p data-path-to-node=\"9,2,1\"><span data-path-to-node=\"9,2,1,0\"><b data-path-to-node=\"9,2,1,0\" data-index-in-node=\"0\">Defensa del Territorio:<\/b> Cuestiona el paradigma del desarrollo actual, denunciando el &#8220;colonialismo verde&#8221; y protegiendo a los defensores ambientales frente al extractivismo y el despojo<\/span><span data-path-to-node=\"9,2,1,2\">.<\/span>\u00a0<\/p><\/li><li><p data-path-to-node=\"9,3,1\"><span data-path-to-node=\"9,3,1,0\"><b data-path-to-node=\"9,3,1,0\" data-index-in-node=\"0\">Democracia Participativa:<\/b> Defiende que la transparencia y la participaci\u00f3n ciudadana son las herramientas m\u00e1s eficaces para salvaguardar el derecho humano a un medio ambiente sano<\/span><span data-path-to-node=\"9,3,1,2\">.<\/span><span style=\"color: #181818; font-family: Spartan, sans-serif; font-size: 18px; font-weight: 600;\"><br \/><\/span><\/p><\/li><\/ul><p data-path-to-node=\"9,3,1\"><span style=\"color: #181818; font-family: Spartan, sans-serif; font-size: 18px; font-weight: 600;\">Un Llamado a la Acci\u00f3n: Mecanismos y Formaci\u00f3n<\/span><\/p><p data-path-to-node=\"11\"><span data-path-to-node=\"11,0\">M\u00e1s all\u00e1 de la teor\u00eda, el proyecto destaca por su enfoque pragm\u00e1tico. <\/span><span data-path-to-node=\"11,2\">Entre sus metas principales est\u00e1 el desarrollo de un <b data-path-to-node=\"11,2\" data-index-in-node=\"53\">Mecanismo Participativo Anticorrupci\u00f3n (MPA)<\/b>, dise\u00f1ado para fortalecer las capacidades de las comunidades locales en su lucha por la justicia ambiental<\/span><span data-path-to-node=\"11,4\">.<\/span><\/p><div><span data-path-to-node=\"12,1\">Como parte del lanzamiento, se anunci\u00f3 un <b data-path-to-node=\"12,1\" data-index-in-node=\"42\">curso virtual gratuito<\/b> que se llevar\u00e1 a cabo entre el 27 de mayo y el 24 de junio<\/span><span data-path-to-node=\"12,3\">. <\/span><span data-path-to-node=\"12,5\">Este programa ofrece una microcertificaci\u00f3n acad\u00e9mica y busca democratizar el conocimiento generado por la investigaci\u00f3n para empoderar a l\u00edderes sociales en toda Am\u00e9rica Latina y el Caribe<\/span><span data-path-to-node=\"12,7\">.<\/span><\/div><div>\u00a0<\/div><p data-path-to-node=\"13\"><span data-path-to-node=\"13,1\">Este proyecto representa un paso crucial para entender que la crisis ambiental en Am\u00e9rica Latina no es solo un problema de recursos, sino un desaf\u00edo estructural de \u00e9tica, justicia y democracia<\/span><span data-path-to-node=\"13,3\">.<\/span><\/p><div><p>\u00a0Puedes revivir el webinario aqu\u00ed:<\/p><\/div><p><iframe title=\"Medio Ambiente y Corrupci\u00f3n en Am\u00e9rica Latina - Webinario\" width=\"640\" height=\"360\" src=\"https:\/\/www.youtube.com\/embed\/jv-bBnMtnVU?feature=oembed\" frameborder=\"0\" allow=\"accelerometer; autoplay; clipboard-write; encrypted-media; gyroscope; picture-in-picture; web-share\" referrerpolicy=\"strict-origin-when-cross-origin\" allowfullscreen><\/iframe><\/p>\t\t\t\t\t\t\t\t<\/div>\n\t\t\t\t<\/div>\n\t\t\t\t\t<\/div>\n\t\t<\/div>\n\t\t\t\t\t<\/div>\n\t\t<\/section>\n\t\t\t\t<\/div>","protected":false},"excerpt":{"rendered":"<p>El pasado 22 de abril tuvo lugar el Webinario &#8220;Medio Ambiente y Corrupci\u00f3n en Am\u00e9rica Latina&#8221;. en un esfuerzo conjunto&#8230;<\/p>","protected":false},"author":4,"featured_media":33094,"comment_status":"closed","ping_status":"open","sticky":false,"template":"","format":"standard","meta":{"cybocfi_hide_featured_image":"","footnotes":""},"categories":[1,76],"tags":[],"class_list":["post-33093","post","type-post","status-publish","format-standard","has-post-thumbnail","hentry","category-noticias","category-publicaciones"],"_links":{"self":[{"href":"https:\/\/www.ausjal.org\/pt\/wp-json\/wp\/v2\/posts\/33093","targetHints":{"allow":["GET"]}}],"collection":[{"href":"https:\/\/www.ausjal.org\/pt\/wp-json\/wp\/v2\/posts"}],"about":[{"href":"https:\/\/www.ausjal.org\/pt\/wp-json\/wp\/v2\/types\/post"}],"author":[{"embeddable":true,"href":"https:\/\/www.ausjal.org\/pt\/wp-json\/wp\/v2\/users\/4"}],"replies":[{"embeddable":true,"href":"https:\/\/www.ausjal.org\/pt\/wp-json\/wp\/v2\/comments?post=33093"}],"version-history":[{"count":27,"href":"https:\/\/www.ausjal.org\/pt\/wp-json\/wp\/v2\/posts\/33093\/revisions"}],"predecessor-version":[{"id":33152,"href":"https:\/\/www.ausjal.org\/pt\/wp-json\/wp\/v2\/posts\/33093\/revisions\/33152"}],"wp:featuredmedia":[{"embeddable":true,"href":"https:\/\/www.ausjal.org\/pt\/wp-json\/wp\/v2\/media\/33094"}],"wp:attachment":[{"href":"https:\/\/www.ausjal.org\/pt\/wp-json\/wp\/v2\/media?parent=33093"}],"wp:term":[{"taxonomy":"category","embeddable":true,"href":"https:\/\/www.ausjal.org\/pt\/wp-json\/wp\/v2\/categories?post=33093"},{"taxonomy":"post_tag","embeddable":true,"href":"https:\/\/www.ausjal.org\/pt\/wp-json\/wp\/v2\/tags?post=33093"}],"curies":[{"name":"wp","href":"https:\/\/api.w.org\/{rel}","templated":true}]}}