{"id":33153,"date":"2026-04-24T15:15:04","date_gmt":"2026-04-24T21:15:04","guid":{"rendered":"https:\/\/www.ausjal.org\/?p=33153"},"modified":"2026-04-28T08:50:37","modified_gmt":"2026-04-28T14:50:37","slug":"encuentro-presencial-de-la-red-de-educacion-ausjal-2026-fortaleciendo-la-identidad-y-el-trabajo-colaborativo","status":"publish","type":"post","link":"https:\/\/www.ausjal.org\/en\/encuentro-presencial-de-la-red-de-educacion-ausjal-2026-fortaleciendo-la-identidad-y-el-trabajo-colaborativo\/","title":{"rendered":"Encuentro Presencial de la Red de Educaci\u00f3n AUSJAL 2026: Fortaleciendo la Identidad y el Trabajo Colaborativo"},"content":{"rendered":"<div data-elementor-type=\"wp-post\" data-elementor-id=\"33153\" class=\"elementor elementor-33153\">\n\t\t\t\t\t\t<section class=\"elementor-section elementor-top-section elementor-element elementor-element-7c9c6c8 elementor-section-boxed elementor-section-height-default elementor-section-height-default wpr-particle-no wpr-jarallax-no wpr-parallax-no wpr-sticky-section-no\" data-id=\"7c9c6c8\" data-element_type=\"section\">\n\t\t\t\t\t\t<div class=\"elementor-container elementor-column-gap-no\">\n\t\t\t\t\t<div class=\"elementor-column elementor-col-100 elementor-top-column elementor-element elementor-element-75a82b0\" data-id=\"75a82b0\" data-element_type=\"column\">\n\t\t\t<div class=\"elementor-widget-wrap elementor-element-populated\">\n\t\t\t\t\t\t<div class=\"elementor-element elementor-element-9a53172 elementor-widget elementor-widget-text-editor\" data-id=\"9a53172\" data-element_type=\"widget\" data-widget_type=\"text-editor.default\">\n\t\t\t\t<div class=\"elementor-widget-container\">\n\t\t\t\t\t\t\t\t\t<p><strong>Del 21 al 23 de abril de 2026, la Universidad Iberoamericana de Torre\u00f3n, M\u00e9xico<\/strong>, se convirti\u00f3 en el epicentro de la reflexi\u00f3n educativa al recibir a los integrantes de la<strong> Red de Educaci\u00f3n de AUSJAL<\/strong> para su encuentro presencial. Bajo la gu\u00eda de la Dra. Tatiana Rojas Ospina y el Mtro. Mauricio Trejo Alem\u00e1n, el evento reuni\u00f3 a once hom\u00f3logos(as), referentes acad\u00e9micos de Argentina, Colombia, El Salvador, Guatemala, M\u00e9xico y Venezuela. El encuentro cont\u00f3 adem\u00e1s con el acompa\u00f1amiento de la Dra. Adriana Jim\u00e9nez, Vice-Presidenta de AUSJAL, y del Director de proyectos de AUSJAL, Lic. Felipe Crudele.<\/p><p><strong>Balance y Proyecci\u00f3n Estrat\u00e9gica<\/strong><\/p><p>El encuentro tuvo como eje central realizar un balance cr\u00edtico del trabajo desarrollado en los \u00faltimos a\u00f1os y avanzar en la proyecci\u00f3n de la red. Para comenzar, los asistentes se enfocaron en identificar logros y aprendizajes a trav\u00e9s del trabajo desarrollado en formaci\u00f3n, investigaci\u00f3n e integraci\u00f3n.<\/p><p>Posteriormente, a trav\u00e9s de un trabajo por comisiones en investigaci\u00f3n, formaci\u00f3n y reflexiones clave se avanz\u00f3 en el dise\u00f1o colectivo del plan de trabajo para el pr\u00f3ximo per\u00edodo, articulado con la planeaci\u00f3n estrat\u00e9gica de AUSJAL 2026-2036. Las comisiones definieron objetivos de sus proyectos, y cronogramas de actividades. A continuaci\u00f3n los objetivos planteados que marcan el horizonte de trabajo de la red:<\/p><p><strong>Comisi\u00f3n Formaci\u00f3n y evaluaci\u00f3n docente:<\/strong><\/p><p>\u00b7 Socializar y difundir los resultados de la aproximaci\u00f3n a las l\u00edneas de formaci\u00f3n docente y del proceso de evaluaci\u00f3n docente en las universidades de AUSJAL, generando insumos pertinentes para el fortalecimiento de la formaci\u00f3n docente con enfoque ignaciano.<\/p><p>\u00b7 Analizar y contrastar el perfil docente de las universidades de AUSJAL con las demandas del contexto educativo actual, para proponer lineamientos que fortalezcan la formaci\u00f3n docente en coherencia con la identidad ignaciana.<\/p><p><strong>Comisi\u00f3n Investigaci\u00f3n:<\/strong><\/p><p>\u00b7 Divulgar los resultados del proyecto pr\u00e1cticas innovadoras\/transformadoras de instituciones de AUSJAL.<\/p><p>\u00b7 Explorar aspectos de car\u00e1cter socioeducativo y de pol\u00edtica p\u00fablica relacionados con el ingreso de nuevos estudiantes a programas de formaci\u00f3n de nivel superior en educaci\u00f3n en las universidades y pa\u00edses pertenecientes a la Red AUSJAL, en el per\u00edodo 2019\u20132025.<\/p><p><strong>Comisi\u00f3n Reflexiones clave:<\/strong><\/p><p>\u00b7 Conocer la realidad socioemocional de estudiantes y docentes, as\u00ed como las estrategias de acompa\u00f1amiento en las universidades de AUSJAL, para proponer acciones que fortalezcan su salud mental y bienestar emocional.<\/p><p>Un objetivo com\u00fan a las tres comisiones es el de fortalecer los v\u00ednculos de colaboraci\u00f3n con otras redes de AUSJAL y de la Compa\u00f1\u00eda de Jes\u00fas.<\/p><p><strong>Actualizaci\u00f3n y Cohesi\u00f3n<\/strong><\/p><p>A la luz de la planeaci\u00f3n estrat\u00e9gica de AUSJAL, los participantes trabajaron as\u00ed en la actualizaci\u00f3n del prop\u00f3sito y las l\u00edneas de acci\u00f3n de la red, asegurando que su labor responda con pertinencia a los desaf\u00edos de la educaci\u00f3n superior en Am\u00e9rica Latina.<\/p><p>M\u00e1s all\u00e1 de lo acad\u00e9mico, el encuentro fortaleci\u00f3 la cohesi\u00f3n y la identidad de la red mediante espacios de socializaci\u00f3n y visitas culturales. Los asistentes recorrieron el Archivo Hist\u00f3rico de la Universidad Juan Agust\u00edn de Espinoza, S.J., visitaron el emblem\u00e1tico Cristo de las Noas y concluyeron la jornada en Parras con la \u201cRuta del Dulce y el Vino\u201d, consolidando los lazos fraternales que caracterizan a las instituciones de la Compa\u00f1\u00eda de Jes\u00fas.<\/p><p>Con acuerdos firmes y un renovado compromiso, la Red de Educaci\u00f3n de AUSJAL cierra este encuentro lista para seguir transformando la realidad educativa de la regi\u00f3n.<\/p>\t\t\t\t\t\t\t\t<\/div>\n\t\t\t\t<\/div>\n\t\t\t\t\t<\/div>\n\t\t<\/div>\n\t\t\t\t\t<\/div>\n\t\t<\/section>\n\t\t\t\t<\/div>","protected":false},"excerpt":{"rendered":"<p>Del 21 al 23 de abril de 2026, la Universidad Iberoamericana de Torre\u00f3n, M\u00e9xico, se convirti\u00f3 en el epicentro de&#8230;<\/p>","protected":false},"author":4,"featured_media":33206,"comment_status":"closed","ping_status":"open","sticky":false,"template":"","format":"standard","meta":{"cybocfi_hide_featured_image":"","footnotes":""},"categories":[1,76],"tags":[],"class_list":["post-33153","post","type-post","status-publish","format-standard","has-post-thumbnail","hentry","category-noticias","category-publicaciones"],"_links":{"self":[{"href":"https:\/\/www.ausjal.org\/en\/wp-json\/wp\/v2\/posts\/33153","targetHints":{"allow":["GET"]}}],"collection":[{"href":"https:\/\/www.ausjal.org\/en\/wp-json\/wp\/v2\/posts"}],"about":[{"href":"https:\/\/www.ausjal.org\/en\/wp-json\/wp\/v2\/types\/post"}],"author":[{"embeddable":true,"href":"https:\/\/www.ausjal.org\/en\/wp-json\/wp\/v2\/users\/4"}],"replies":[{"embeddable":true,"href":"https:\/\/www.ausjal.org\/en\/wp-json\/wp\/v2\/comments?post=33153"}],"version-history":[{"count":9,"href":"https:\/\/www.ausjal.org\/en\/wp-json\/wp\/v2\/posts\/33153\/revisions"}],"predecessor-version":[{"id":33209,"href":"https:\/\/www.ausjal.org\/en\/wp-json\/wp\/v2\/posts\/33153\/revisions\/33209"}],"wp:featuredmedia":[{"embeddable":true,"href":"https:\/\/www.ausjal.org\/en\/wp-json\/wp\/v2\/media\/33206"}],"wp:attachment":[{"href":"https:\/\/www.ausjal.org\/en\/wp-json\/wp\/v2\/media?parent=33153"}],"wp:term":[{"taxonomy":"category","embeddable":true,"href":"https:\/\/www.ausjal.org\/en\/wp-json\/wp\/v2\/categories?post=33153"},{"taxonomy":"post_tag","embeddable":true,"href":"https:\/\/www.ausjal.org\/en\/wp-json\/wp\/v2\/tags?post=33153"}],"curies":[{"name":"wp","href":"https:\/\/api.w.org\/{rel}","templated":true}]}}