{"id":33128,"date":"2026-04-24T14:37:19","date_gmt":"2026-04-24T20:37:19","guid":{"rendered":"https:\/\/www.ausjal.org\/?p=33128"},"modified":"2026-04-24T14:38:33","modified_gmt":"2026-04-24T20:38:33","slug":"pontificia-universidad-javeriana-y-grupo-de-editoriales-universitarias-de-ausjal-presentes-en-la-fil-bogota-2026","status":"publish","type":"post","link":"https:\/\/www.ausjal.org\/en\/pontificia-universidad-javeriana-y-grupo-de-editoriales-universitarias-de-ausjal-presentes-en-la-fil-bogota-2026\/","title":{"rendered":"Pontificia Universidad Javeriana y Grupo de Editoriales Universitarias de Ausjal presentes en la FIL Bogot\u00e1 2026"},"content":{"rendered":"<div data-elementor-type=\"wp-post\" data-elementor-id=\"33128\" class=\"elementor elementor-33128\">\n\t\t\t\t\t\t<section class=\"elementor-section elementor-top-section elementor-element elementor-element-7c9c6c8 elementor-section-boxed elementor-section-height-default elementor-section-height-default wpr-particle-no wpr-jarallax-no wpr-parallax-no wpr-sticky-section-no\" data-id=\"7c9c6c8\" data-element_type=\"section\">\n\t\t\t\t\t\t<div class=\"elementor-container elementor-column-gap-no\">\n\t\t\t\t\t<div class=\"elementor-column elementor-col-100 elementor-top-column elementor-element elementor-element-75a82b0\" data-id=\"75a82b0\" data-element_type=\"column\">\n\t\t\t<div class=\"elementor-widget-wrap elementor-element-populated\">\n\t\t\t\t\t\t<div class=\"elementor-element elementor-element-9a53172 elementor-widget elementor-widget-text-editor\" data-id=\"9a53172\" data-element_type=\"widget\" data-widget_type=\"text-editor.default\">\n\t\t\t\t<div class=\"elementor-widget-container\">\n\t\t\t\t\t\t\t\t\t<p class=\"x_MsoNormal\" data-olk-copy-source=\"MessageBody\">Del 21 de abril al 4 de mayo de 2026, Bogot\u00e1 ser\u00e1 sede de la <strong>Feria Internacional del Libro de Bogot\u00e1 (FILBo),<\/strong> uno de los principales encuentros culturales y editoriales de Colombia. En este espacio, la Pontificia Universidad Javeriana participar\u00e1 con m\u00e1s de 50 novedades editoriales, un cat\u00e1logo cercano a los 350 t\u00edtulos vigentes y una programaci\u00f3n de eventos que refleja la riqueza acad\u00e9mica e intelectual de su comunidad.<\/p><p class=\"x_MsoNormal\">Gracias a la colaboraci\u00f3n de la Editorial Javeriana, el Grupo de Editoriales Universitarias ofrecer\u00e1 al p\u00fablico 18 novedades de \u00e1reas tem\u00e1ticas como cine, filosof\u00eda, narrativa, pol\u00edtica, comunicaci\u00f3n y ensayo. La presencia en la FILBo 2026 reafirma el compromiso de las universidades jesuitas con la difusi\u00f3n del conocimiento, el pensamiento cr\u00edtico y la cultura del libro.<\/p><p class=\"x_MsoNormal\">Stand Javeriana: Pabell\u00f3n 3, piso 2, stand #501.<\/p><p class=\"x_MsoNormal\">M\u00e1s informaci\u00f3n y agenda de eventos en\u00a0<a title=\"https:\/\/www.javeriana.edu.co\/editorial\/w\/editorial-filbo\" href=\"https:\/\/www.javeriana.edu.co\/editorial\/w\/editorial-filbo\" target=\"_blank\" rel=\"noopener noreferrer\" data-auth=\"NotApplicable\" data-linkindex=\"0\">https:\/\/www.javeriana.edu.co\/editorial\/w\/editorial-filbo<\/a><\/p>\t\t\t\t\t\t\t\t<\/div>\n\t\t\t\t<\/div>\n\t\t\t\t\t<\/div>\n\t\t<\/div>\n\t\t\t\t\t<\/div>\n\t\t<\/section>\n\t\t\t\t<\/div>","protected":false},"excerpt":{"rendered":"<p>Del 21 de abril al 4 de mayo de 2026, Bogot\u00e1 ser\u00e1 sede de la Feria Internacional del Libro de&#8230;<\/p>","protected":false},"author":4,"featured_media":33130,"comment_status":"closed","ping_status":"open","sticky":false,"template":"","format":"standard","meta":{"cybocfi_hide_featured_image":"","footnotes":""},"categories":[1,76],"tags":[],"class_list":["post-33128","post","type-post","status-publish","format-standard","has-post-thumbnail","hentry","category-noticias","category-publicaciones"],"_links":{"self":[{"href":"https:\/\/www.ausjal.org\/en\/wp-json\/wp\/v2\/posts\/33128","targetHints":{"allow":["GET"]}}],"collection":[{"href":"https:\/\/www.ausjal.org\/en\/wp-json\/wp\/v2\/posts"}],"about":[{"href":"https:\/\/www.ausjal.org\/en\/wp-json\/wp\/v2\/types\/post"}],"author":[{"embeddable":true,"href":"https:\/\/www.ausjal.org\/en\/wp-json\/wp\/v2\/users\/4"}],"replies":[{"embeddable":true,"href":"https:\/\/www.ausjal.org\/en\/wp-json\/wp\/v2\/comments?post=33128"}],"version-history":[{"count":6,"href":"https:\/\/www.ausjal.org\/en\/wp-json\/wp\/v2\/posts\/33128\/revisions"}],"predecessor-version":[{"id":33136,"href":"https:\/\/www.ausjal.org\/en\/wp-json\/wp\/v2\/posts\/33128\/revisions\/33136"}],"wp:featuredmedia":[{"embeddable":true,"href":"https:\/\/www.ausjal.org\/en\/wp-json\/wp\/v2\/media\/33130"}],"wp:attachment":[{"href":"https:\/\/www.ausjal.org\/en\/wp-json\/wp\/v2\/media?parent=33128"}],"wp:term":[{"taxonomy":"category","embeddable":true,"href":"https:\/\/www.ausjal.org\/en\/wp-json\/wp\/v2\/categories?post=33128"},{"taxonomy":"post_tag","embeddable":true,"href":"https:\/\/www.ausjal.org\/en\/wp-json\/wp\/v2\/tags?post=33128"}],"curies":[{"name":"wp","href":"https:\/\/api.w.org\/{rel}","templated":true}]}}